{"id":27446,"date":"2020-10-20T13:39:15","date_gmt":"2020-10-20T17:39:15","guid":{"rendered":"https:\/\/sciencescosmaincms.cm.ucf.edu\/news\/?p=27446"},"modified":"2023-06-06T11:50:33","modified_gmt":"2023-06-06T15:50:33","slug":"kurdish-culture-literature-and-politics-come-to-ucf","status":"publish","type":"post","link":"https:\/\/sciences.ucf.edu\/news\/kurdish-culture-literature-and-politics-come-to-ucf\/","title":{"rendered":"Kurdish Culture, Literature, and Politics Come to UCF"},"content":{"rendered":"<div id=\"attachment_27447\" style=\"width: 633px\" class=\"wp-caption aligncenter\"><img fetchpriority=\"high\" decoding=\"async\" aria-describedby=\"caption-attachment-27447\" class=\"wp-image-27447\" src=\"https:\/\/sciences.ucf.edu\/news\/wp-content\/uploads\/sites\/29\/2020\/10\/KPSP_COSNews_VirtualEventsPic-1024x512.jpg\" alt=\"\" width=\"623\" height=\"312\" srcset=\"https:\/\/sciences.ucf.edu\/news\/wp-content\/uploads\/sites\/29\/2020\/10\/KPSP_COSNews_VirtualEventsPic-1024x512.jpg 1024w, https:\/\/sciences.ucf.edu\/news\/wp-content\/uploads\/sites\/29\/2020\/10\/KPSP_COSNews_VirtualEventsPic-300x150.jpg 300w, https:\/\/sciences.ucf.edu\/news\/wp-content\/uploads\/sites\/29\/2020\/10\/KPSP_COSNews_VirtualEventsPic-768x384.jpg 768w, https:\/\/sciences.ucf.edu\/news\/wp-content\/uploads\/sites\/29\/2020\/10\/KPSP_COSNews_VirtualEventsPic-1536x768.jpg 1536w, https:\/\/sciences.ucf.edu\/news\/wp-content\/uploads\/sites\/29\/2020\/10\/KPSP_COSNews_VirtualEventsPic-2048x1024.jpg 2048w, https:\/\/sciences.ucf.edu\/news\/wp-content\/uploads\/sites\/29\/2020\/10\/KPSP_COSNews_VirtualEventsPic-299x150.jpg 299w, https:\/\/sciences.ucf.edu\/news\/wp-content\/uploads\/sites\/29\/2020\/10\/KPSP_COSNews_VirtualEventsPic-scaled.jpg 1600w\" sizes=\"(max-width: 623px) 100vw, 623px\" \/><p id=\"caption-attachment-27447\" class=\"wp-caption-text\">From left to right, Dr. Farangis Ghaderi, Dr. Kamal Soleimani, Dr. Wendelmoet Hamelink<\/p><\/div>\n<p>&nbsp;<\/p>\n<p>On October 2, the Kurdish Political Studies Program (KPSP) at SPSIA in partnership with the Department of Modern Languages and Literature, hosted the first of a series of virtual events in fall 2020. At the \u201cKurdish Literature &amp; Culture\u201d panel moderated by Dr. Haidar Khezri of UCF, KPSP welcomed Dr. Wendelmoet Hamelink from the Centre for Gender Research of Oslo University and Dr. Farangis Ghaderi from the University of Exeter. Dr. Hamelink gave a talk titled \u201cMusic, Migration, and Conflict: Kurdish Women\u2019s Memories in Narrative and Song.\u201d She discussed how in times of conflict and migration, the Kurdish songs were a mean of hope and resilience for several families living in border zones. Dr. Hamelink walked us through her extensive fieldwork experience when she met Kurdish families who experience transborder migration in their lifetime. She pointed out how their life stories were \u201cmarked by sad memories of escape and conflict\u201d but their songs were \u201cmarked by positive emotions.\u201d She concluded the talk by stressing how songs were juxtaposed to storylines but used as a way to remember life in the villages of origin and thanks to their repetitiveness, they became a means of cultural memory for several generations.<\/p>\n<p>Dr. Farangis Ghaderi gave a talk about \u201cPoetics of Change: The Emergence and Development of Modern Kurdish Poetry.\u201d She walked us through the context in which modern Kurdish poetry emerged by starting her talk with an anecdote about the Kurdish poet Asiri (1890\/95_1962) who traveled to Istanbul at the beginning of the 20th Century. The modern architecture and technologies impressed him to the point that when he got back home in Kirkuk, he burned his entire classical poetry collection that he considered \u201cirrelevant\u201d after what he saw in Istanbul.\u00a0 The need of moving with the times is what made modern Kurdish poetry emerge, motivated by social and political aims including the construction of Kurdish nationhood. In the absence of prose, poetry became a primary vehicle through which Kurdish intelligentsia made sense of modern developments. Dr. Ghaderi then provided rich examples to demonstrate how the Kurdish poetry after the 1930s has been characterized by a radical break from the classical times which unfolded over generations.<\/p>\n<p>On October 16, the second virtual event \u201cPolitical Economy of Kolberi (Cross-border Labor) in Eastern\/Iranian Kurdistan\u201d welcomed Dr. Kamal Soleimani, Assistant Professor at El Colegio de Mexico. In a talk moderated by Dr. G\u00fcne\u015f Murat Tezc\u00fcr, UCF\u2019s Jalal Talabani Chair.\u00a0 Dr. Soleimani discussed the precarious conditions in which Kurdish kolbers (workers) deliver goods across the Iraqi and Iranian borders. Kolbers pursue a life on the edge characterized by deadly risks including shooting by Iranian border guards, stepping on mines, and exposure to elements. Many of them are killed and injured as a result. Dr. Soleimani argued that the plight of kolbers is an outcome of the policies of discrimination and inequalities pursued by the Iranian regime. He brought the testimonies of Kolbers interviewed during a period of fieldwork that described how marginalization and poverty motivate them in engaging in the cross-border labor and pointed out to the &#8220;normalization\u201d of the phenomenon, including the lethal violence perpetrated against Kolbers.<\/p>\n<p>&nbsp;<\/p>\n<p>The video streaming of the events is available on the Kurdish Political Studies Program <a href=\"https:\/\/youtu.be\/MqaZivLrm3E\">YouTube channel<\/a>. To stay updated about the events, follow KPSP on Facebook (@KPSPatUCF), or visit the <a href=\"https:\/\/sciences.ucf.edu\/politics\/kps\/\">website<\/a>.<\/p>\n<p>&nbsp;<\/p>\n<p><em>Written by Sara Belligoni, Ph.D. Candidate in Security Studies at the School of Politics Security and International Affairs and Graduate Research Assistant at the Kurdish Political Studies Program<\/em><\/p>\n<p>&nbsp;<\/p>\n<p>&nbsp;<\/p>\n","protected":false},"excerpt":{"rendered":"<p>&nbsp; On October 2, the Kurdish Political Studies Program (KPSP) at SPSIA in partnership with the Department of Modern Languages and Literature, hosted the first of a series of virtual events in fall 2020. At the \u201cKurdish Literature &amp; Culture\u201d panel moderated by Dr. Haidar Khezri of UCF, KPSP welcomed Dr. Wendelmoet Hamelink from the [&hellip;]<\/p>\n","protected":false},"author":136,"featured_media":27447,"comment_status":"closed","ping_status":"closed","sticky":false,"template":"","format":"standard","meta":{"footnotes":"","_links_to":"","_links_to_target":""},"categories":[10,16],"tags":[6296,6297,6278,4000,3579,6279,6298],"class_list":["post-27446","post","type-post","status-publish","format-standard","has-post-thumbnail","hentry","category-kurdish-political-studies-program","category-political-science-departments","tag-farangis-ghaderi","tag-kamal-soleimani","tag-ucf-department-of-modern-languages-and-literature","tag-ucf-kurdish-political-studies-program","tag-ucf-kurdish-studies","tag-ucf-school-of-politics-security-and-international-affairs","tag-wendelmoet-hamelink"],"yoast_head":"<!-- This site is optimized with the Yoast SEO plugin v27.5 - https:\/\/yoast.com\/product\/yoast-seo-wordpress\/ -->\n<title>Kurdish Culture, Literature, and Politics Come to UCF - College of Sciences News<\/title>\n<meta name=\"robots\" content=\"index, follow, max-snippet:-1, max-image-preview:large, max-video-preview:-1\" \/>\n<link rel=\"canonical\" href=\"https:\/\/sciences.ucf.edu\/news\/kurdish-culture-literature-and-politics-come-to-ucf\/\" \/>\n<meta property=\"og:locale\" content=\"en_US\" \/>\n<meta property=\"og:type\" content=\"article\" \/>\n<meta property=\"og:title\" content=\"Kurdish Culture, Literature, and Politics Come to UCF - College of Sciences News\" \/>\n<meta property=\"og:description\" content=\"&nbsp; On October 2, the Kurdish Political Studies Program (KPSP) at SPSIA in partnership with the Department of Modern Languages and Literature, hosted the first of a series of virtual events in fall 2020. At the \u201cKurdish Literature &amp; Culture\u201d panel moderated by Dr. Haidar Khezri of UCF, KPSP welcomed Dr. Wendelmoet Hamelink from the [&hellip;]\" \/>\n<meta property=\"og:url\" content=\"https:\/\/sciences.ucf.edu\/news\/kurdish-culture-literature-and-politics-come-to-ucf\/\" \/>\n<meta property=\"og:site_name\" content=\"College of Sciences News\" \/>\n<meta property=\"article:published_time\" content=\"2020-10-20T17:39:15+00:00\" \/>\n<meta property=\"article:modified_time\" content=\"2023-06-06T15:50:33+00:00\" \/>\n<meta property=\"og:image\" content=\"https:\/\/sciences.ucf.edu\/news\/wp-content\/uploads\/sites\/29\/2020\/10\/KPSP_COSNews_VirtualEventsPic-scaled.jpg\" \/>\n\t<meta property=\"og:image:width\" content=\"1600\" \/>\n\t<meta property=\"og:image:height\" content=\"800\" \/>\n\t<meta property=\"og:image:type\" content=\"image\/jpeg\" \/>\n<meta name=\"author\" content=\"Marygrace Slebodnik\" \/>\n<meta name=\"twitter:card\" content=\"summary_large_image\" \/>\n<meta name=\"twitter:label1\" content=\"Written by\" \/>\n\t<meta name=\"twitter:data1\" content=\"Marygrace Slebodnik\" \/>\n\t<meta name=\"twitter:label2\" content=\"Est. reading time\" \/>\n\t<meta name=\"twitter:data2\" content=\"3 minutes\" \/>\n<script type=\"application\/ld+json\" class=\"yoast-schema-graph\">{\"@context\":\"https:\\\/\\\/schema.org\",\"@graph\":[{\"@type\":\"Article\",\"@id\":\"https:\\\/\\\/sciences.ucf.edu\\\/news\\\/kurdish-culture-literature-and-politics-come-to-ucf\\\/#article\",\"isPartOf\":{\"@id\":\"https:\\\/\\\/sciences.ucf.edu\\\/news\\\/kurdish-culture-literature-and-politics-come-to-ucf\\\/\"},\"author\":{\"name\":\"Marygrace Slebodnik\",\"@id\":\"https:\\\/\\\/sciences.ucf.edu\\\/news\\\/#\\\/schema\\\/person\\\/1070d2973858bc3b272ee16416435a45\"},\"headline\":\"Kurdish Culture, Literature, and Politics Come to UCF\",\"datePublished\":\"2020-10-20T17:39:15+00:00\",\"dateModified\":\"2023-06-06T15:50:33+00:00\",\"mainEntityOfPage\":{\"@id\":\"https:\\\/\\\/sciences.ucf.edu\\\/news\\\/kurdish-culture-literature-and-politics-come-to-ucf\\\/\"},\"wordCount\":614,\"image\":{\"@id\":\"https:\\\/\\\/sciences.ucf.edu\\\/news\\\/kurdish-culture-literature-and-politics-come-to-ucf\\\/#primaryimage\"},\"thumbnailUrl\":\"https:\\\/\\\/sciences.ucf.edu\\\/news\\\/wp-content\\\/uploads\\\/sites\\\/29\\\/2020\\\/10\\\/KPSP_COSNews_VirtualEventsPic-scaled.jpg\",\"keywords\":[\"Farangis Ghaderi\",\"Kamal Soleimani\",\"UCF Department of Modern Languages and Literature\",\"UCF Kurdish Political Studies Program\",\"UCF Kurdish Studies\",\"UCF School of Politics Security and International Affairs\",\"Wendelmoet Hamelink\"],\"articleSection\":[\"Kurdish Political Studies Program\",\"School of Politics, Security, and International Affairs\"],\"inLanguage\":\"en-US\"},{\"@type\":\"WebPage\",\"@id\":\"https:\\\/\\\/sciences.ucf.edu\\\/news\\\/kurdish-culture-literature-and-politics-come-to-ucf\\\/\",\"url\":\"https:\\\/\\\/sciences.ucf.edu\\\/news\\\/kurdish-culture-literature-and-politics-come-to-ucf\\\/\",\"name\":\"Kurdish Culture, Literature, and Politics Come to UCF - College of Sciences News\",\"isPartOf\":{\"@id\":\"https:\\\/\\\/sciences.ucf.edu\\\/news\\\/#website\"},\"primaryImageOfPage\":{\"@id\":\"https:\\\/\\\/sciences.ucf.edu\\\/news\\\/kurdish-culture-literature-and-politics-come-to-ucf\\\/#primaryimage\"},\"image\":{\"@id\":\"https:\\\/\\\/sciences.ucf.edu\\\/news\\\/kurdish-culture-literature-and-politics-come-to-ucf\\\/#primaryimage\"},\"thumbnailUrl\":\"https:\\\/\\\/sciences.ucf.edu\\\/news\\\/wp-content\\\/uploads\\\/sites\\\/29\\\/2020\\\/10\\\/KPSP_COSNews_VirtualEventsPic-scaled.jpg\",\"datePublished\":\"2020-10-20T17:39:15+00:00\",\"dateModified\":\"2023-06-06T15:50:33+00:00\",\"author\":{\"@id\":\"https:\\\/\\\/sciences.ucf.edu\\\/news\\\/#\\\/schema\\\/person\\\/1070d2973858bc3b272ee16416435a45\"},\"inLanguage\":\"en-US\",\"potentialAction\":[{\"@type\":\"ReadAction\",\"target\":[\"https:\\\/\\\/sciences.ucf.edu\\\/news\\\/kurdish-culture-literature-and-politics-come-to-ucf\\\/\"]}]},{\"@type\":\"ImageObject\",\"inLanguage\":\"en-US\",\"@id\":\"https:\\\/\\\/sciences.ucf.edu\\\/news\\\/kurdish-culture-literature-and-politics-come-to-ucf\\\/#primaryimage\",\"url\":\"https:\\\/\\\/sciences.ucf.edu\\\/news\\\/wp-content\\\/uploads\\\/sites\\\/29\\\/2020\\\/10\\\/KPSP_COSNews_VirtualEventsPic-scaled.jpg\",\"contentUrl\":\"https:\\\/\\\/sciences.ucf.edu\\\/news\\\/wp-content\\\/uploads\\\/sites\\\/29\\\/2020\\\/10\\\/KPSP_COSNews_VirtualEventsPic-scaled.jpg\",\"width\":1600,\"height\":800,\"caption\":\"Three professionals on a video call with bookshelves in the background, two smiling and one serious.\"},{\"@type\":\"WebSite\",\"@id\":\"https:\\\/\\\/sciences.ucf.edu\\\/news\\\/#website\",\"url\":\"https:\\\/\\\/sciences.ucf.edu\\\/news\\\/\",\"name\":\"College of Sciences News\",\"description\":\"\",\"potentialAction\":[{\"@type\":\"SearchAction\",\"target\":{\"@type\":\"EntryPoint\",\"urlTemplate\":\"https:\\\/\\\/sciences.ucf.edu\\\/news\\\/?s={search_term_string}\"},\"query-input\":{\"@type\":\"PropertyValueSpecification\",\"valueRequired\":true,\"valueName\":\"search_term_string\"}}],\"inLanguage\":\"en-US\"},{\"@type\":\"Person\",\"@id\":\"https:\\\/\\\/sciences.ucf.edu\\\/news\\\/#\\\/schema\\\/person\\\/1070d2973858bc3b272ee16416435a45\",\"name\":\"Marygrace Slebodnik\",\"image\":{\"@type\":\"ImageObject\",\"inLanguage\":\"en-US\",\"@id\":\"https:\\\/\\\/secure.gravatar.com\\\/avatar\\\/9c5c4f1749911e6d0ae8f5567ad9a49562d17859c79f6f9c2da44581b42f269c?s=96&d=mm&r=g\",\"url\":\"https:\\\/\\\/secure.gravatar.com\\\/avatar\\\/9c5c4f1749911e6d0ae8f5567ad9a49562d17859c79f6f9c2da44581b42f269c?s=96&d=mm&r=g\",\"contentUrl\":\"https:\\\/\\\/secure.gravatar.com\\\/avatar\\\/9c5c4f1749911e6d0ae8f5567ad9a49562d17859c79f6f9c2da44581b42f269c?s=96&d=mm&r=g\",\"caption\":\"Marygrace Slebodnik\"},\"url\":\"\"}]}<\/script>\n<!-- \/ Yoast SEO plugin. -->","yoast_head_json":{"title":"Kurdish Culture, Literature, and Politics Come to UCF - College of Sciences News","robots":{"index":"index","follow":"follow","max-snippet":"max-snippet:-1","max-image-preview":"max-image-preview:large","max-video-preview":"max-video-preview:-1"},"canonical":"https:\/\/sciences.ucf.edu\/news\/kurdish-culture-literature-and-politics-come-to-ucf\/","og_locale":"en_US","og_type":"article","og_title":"Kurdish Culture, Literature, and Politics Come to UCF - College of Sciences News","og_description":"&nbsp; On October 2, the Kurdish Political Studies Program (KPSP) at SPSIA in partnership with the Department of Modern Languages and Literature, hosted the first of a series of virtual events in fall 2020. At the \u201cKurdish Literature &amp; Culture\u201d panel moderated by Dr. Haidar Khezri of UCF, KPSP welcomed Dr. Wendelmoet Hamelink from the [&hellip;]","og_url":"https:\/\/sciences.ucf.edu\/news\/kurdish-culture-literature-and-politics-come-to-ucf\/","og_site_name":"College of Sciences News","article_published_time":"2020-10-20T17:39:15+00:00","article_modified_time":"2023-06-06T15:50:33+00:00","og_image":[{"width":1600,"height":800,"url":"https:\/\/sciences.ucf.edu\/news\/wp-content\/uploads\/sites\/29\/2020\/10\/KPSP_COSNews_VirtualEventsPic-scaled.jpg","type":"image\/jpeg"}],"author":"Marygrace Slebodnik","twitter_card":"summary_large_image","twitter_misc":{"Written by":"Marygrace Slebodnik","Est. reading time":"3 minutes"},"schema":{"@context":"https:\/\/schema.org","@graph":[{"@type":"Article","@id":"https:\/\/sciences.ucf.edu\/news\/kurdish-culture-literature-and-politics-come-to-ucf\/#article","isPartOf":{"@id":"https:\/\/sciences.ucf.edu\/news\/kurdish-culture-literature-and-politics-come-to-ucf\/"},"author":{"name":"Marygrace Slebodnik","@id":"https:\/\/sciences.ucf.edu\/news\/#\/schema\/person\/1070d2973858bc3b272ee16416435a45"},"headline":"Kurdish Culture, Literature, and Politics Come to UCF","datePublished":"2020-10-20T17:39:15+00:00","dateModified":"2023-06-06T15:50:33+00:00","mainEntityOfPage":{"@id":"https:\/\/sciences.ucf.edu\/news\/kurdish-culture-literature-and-politics-come-to-ucf\/"},"wordCount":614,"image":{"@id":"https:\/\/sciences.ucf.edu\/news\/kurdish-culture-literature-and-politics-come-to-ucf\/#primaryimage"},"thumbnailUrl":"https:\/\/sciences.ucf.edu\/news\/wp-content\/uploads\/sites\/29\/2020\/10\/KPSP_COSNews_VirtualEventsPic-scaled.jpg","keywords":["Farangis Ghaderi","Kamal Soleimani","UCF Department of Modern Languages and Literature","UCF Kurdish Political Studies Program","UCF Kurdish Studies","UCF School of Politics Security and International Affairs","Wendelmoet Hamelink"],"articleSection":["Kurdish Political Studies Program","School of Politics, Security, and International Affairs"],"inLanguage":"en-US"},{"@type":"WebPage","@id":"https:\/\/sciences.ucf.edu\/news\/kurdish-culture-literature-and-politics-come-to-ucf\/","url":"https:\/\/sciences.ucf.edu\/news\/kurdish-culture-literature-and-politics-come-to-ucf\/","name":"Kurdish Culture, Literature, and Politics Come to UCF - College of Sciences News","isPartOf":{"@id":"https:\/\/sciences.ucf.edu\/news\/#website"},"primaryImageOfPage":{"@id":"https:\/\/sciences.ucf.edu\/news\/kurdish-culture-literature-and-politics-come-to-ucf\/#primaryimage"},"image":{"@id":"https:\/\/sciences.ucf.edu\/news\/kurdish-culture-literature-and-politics-come-to-ucf\/#primaryimage"},"thumbnailUrl":"https:\/\/sciences.ucf.edu\/news\/wp-content\/uploads\/sites\/29\/2020\/10\/KPSP_COSNews_VirtualEventsPic-scaled.jpg","datePublished":"2020-10-20T17:39:15+00:00","dateModified":"2023-06-06T15:50:33+00:00","author":{"@id":"https:\/\/sciences.ucf.edu\/news\/#\/schema\/person\/1070d2973858bc3b272ee16416435a45"},"inLanguage":"en-US","potentialAction":[{"@type":"ReadAction","target":["https:\/\/sciences.ucf.edu\/news\/kurdish-culture-literature-and-politics-come-to-ucf\/"]}]},{"@type":"ImageObject","inLanguage":"en-US","@id":"https:\/\/sciences.ucf.edu\/news\/kurdish-culture-literature-and-politics-come-to-ucf\/#primaryimage","url":"https:\/\/sciences.ucf.edu\/news\/wp-content\/uploads\/sites\/29\/2020\/10\/KPSP_COSNews_VirtualEventsPic-scaled.jpg","contentUrl":"https:\/\/sciences.ucf.edu\/news\/wp-content\/uploads\/sites\/29\/2020\/10\/KPSP_COSNews_VirtualEventsPic-scaled.jpg","width":1600,"height":800,"caption":"Three professionals on a video call with bookshelves in the background, two smiling and one serious."},{"@type":"WebSite","@id":"https:\/\/sciences.ucf.edu\/news\/#website","url":"https:\/\/sciences.ucf.edu\/news\/","name":"College of Sciences News","description":"","potentialAction":[{"@type":"SearchAction","target":{"@type":"EntryPoint","urlTemplate":"https:\/\/sciences.ucf.edu\/news\/?s={search_term_string}"},"query-input":{"@type":"PropertyValueSpecification","valueRequired":true,"valueName":"search_term_string"}}],"inLanguage":"en-US"},{"@type":"Person","@id":"https:\/\/sciences.ucf.edu\/news\/#\/schema\/person\/1070d2973858bc3b272ee16416435a45","name":"Marygrace Slebodnik","image":{"@type":"ImageObject","inLanguage":"en-US","@id":"https:\/\/secure.gravatar.com\/avatar\/9c5c4f1749911e6d0ae8f5567ad9a49562d17859c79f6f9c2da44581b42f269c?s=96&d=mm&r=g","url":"https:\/\/secure.gravatar.com\/avatar\/9c5c4f1749911e6d0ae8f5567ad9a49562d17859c79f6f9c2da44581b42f269c?s=96&d=mm&r=g","contentUrl":"https:\/\/secure.gravatar.com\/avatar\/9c5c4f1749911e6d0ae8f5567ad9a49562d17859c79f6f9c2da44581b42f269c?s=96&d=mm&r=g","caption":"Marygrace Slebodnik"},"url":""}]}},"_links":{"self":[{"href":"https:\/\/sciences.ucf.edu\/news\/wp-json\/wp\/v2\/posts\/27446","targetHints":{"allow":["GET"]}}],"collection":[{"href":"https:\/\/sciences.ucf.edu\/news\/wp-json\/wp\/v2\/posts"}],"about":[{"href":"https:\/\/sciences.ucf.edu\/news\/wp-json\/wp\/v2\/types\/post"}],"author":[{"embeddable":true,"href":"https:\/\/sciences.ucf.edu\/news\/wp-json\/wp\/v2\/users\/136"}],"replies":[{"embeddable":true,"href":"https:\/\/sciences.ucf.edu\/news\/wp-json\/wp\/v2\/comments?post=27446"}],"version-history":[{"count":1,"href":"https:\/\/sciences.ucf.edu\/news\/wp-json\/wp\/v2\/posts\/27446\/revisions"}],"predecessor-version":[{"id":30204,"href":"https:\/\/sciences.ucf.edu\/news\/wp-json\/wp\/v2\/posts\/27446\/revisions\/30204"}],"wp:featuredmedia":[{"embeddable":true,"href":"https:\/\/sciences.ucf.edu\/news\/wp-json\/wp\/v2\/media\/27447"}],"wp:attachment":[{"href":"https:\/\/sciences.ucf.edu\/news\/wp-json\/wp\/v2\/media?parent=27446"}],"wp:term":[{"taxonomy":"category","embeddable":true,"href":"https:\/\/sciences.ucf.edu\/news\/wp-json\/wp\/v2\/categories?post=27446"},{"taxonomy":"post_tag","embeddable":true,"href":"https:\/\/sciences.ucf.edu\/news\/wp-json\/wp\/v2\/tags?post=27446"}],"curies":[{"name":"wp","href":"https:\/\/api.w.org\/{rel}","templated":true}]}}